{"id":2259,"date":"2025-12-08T07:00:00","date_gmt":"2025-12-08T06:00:00","guid":{"rendered":"https:\/\/www.wonderbox.it\/blog\/?p=2259"},"modified":"2026-01-12T16:03:15","modified_gmt":"2026-01-12T15:03:15","slug":"vigilia-di-natale-in-europa-scopri-le-tradizioni-uniche-di-ogni-paese-2","status":"publish","type":"post","link":"https:\/\/www.wonderbox.it\/blog\/p\/vigilia-di-natale-in-europa-scopri-le-tradizioni-uniche-di-ogni-paese-2\/","title":{"rendered":"Vigilia di Natale in Europa: scopri le tradizioni uniche di ogni paese"},"content":{"rendered":"\n<p class=\"has-medium-font-size\">Il Natale \u00e8 una festa universale, ma ogni Paese europeo custodisce <a href=\"https:\/\/www.wonderbox.it\/blog\/p\/arte-e-tradizioni-europee-cosa-vedere-conoscere-e-vivere-in-2026\/\" data-type=\"post\" data-id=\"2552\">tradizioni e usanze<\/a> che rendono questa celebrazione davvero unica.<\/p>\n\n\n\n<p class=\"has-medium-font-size\">Che tu voglia vivere un\u2019esperienza tradizionale o scoprire qualcosa di nuovo, i <strong>cenoni<\/strong> e le <strong>vigile di<a href=\"https:\/\/www.wonderbox.it\/regali-di-natale\/c\/233388\"> Natale<\/a> in Europa<\/strong> offrono un mondo di emozioni e sorprese.<\/p>\n\n\n\n<p class=\"has-medium-font-size\">Dalla <strong>Francia<\/strong> all\u2019<strong>Italia<\/strong>, passando per la <strong>Germania<\/strong> e la <strong>Spagna<\/strong>, ogni cultura porta con s\u00e9 un tocco speciale a questo periodo magico dell\u2019anno.<\/p>\n\n\n\n<p class=\"has-medium-font-size\">Scopri le <strong>tradizioni natalizie in <a href=\"https:\/\/www.wonderbox.it\/weekend-in-europa\/c\/1451409\" target=\"_blank\" rel=\"noreferrer noopener\">Europa<\/a><\/strong> e lasciati affascinare dalle storie e dai riti che rendono ogni paese diverso dall\u2019altro.<\/p>\n\n\n\n<h2 class=\"wp-block-heading\"><strong>La vigilia di Natale in Francia: il trionfo della gastronomia<\/strong><\/h2>\n\n\n\n<figure class=\"wp-block-image size-large\"><img decoding=\"async\" src=\"https:\/\/www.wonderbox.fr\/blog\/wp-content\/uploads\/sites\/4\/2024\/12\/entree-de-noel-10-idees-de-recette-pour-commencer-le-reveillon-foie-gras-sur-pain-d-epices-1024x731.jpg\" alt=\"entr\u00e9e No\u00ebl foie gras\" class=\"wp-image-38274\" \/><\/figure>\n\n\n\n<p class=\"has-medium-font-size\">In <strong>Francia<\/strong>, il <strong>r\u00e9veillon<\/strong> \u00e8 un momento conviviale da vivere attorno a una tavola ricca e festosa.<\/p>\n\n\n\n<p class=\"has-medium-font-size\">La tradizione vuole un <strong>cenone abbondante<\/strong> con piatti simbolici come <strong>foie gras<\/strong>, <strong>ostriche<\/strong>, <strong>salmone affumicato<\/strong> e l\u2019immancabile <a href=\"https:\/\/www.wonderbox.fr\/blog\/noel-2024-7-desserts-traditionnels-europeens-a-decouvrir\/\" target=\"_blank\" rel=\"noreferrer noopener\" class=\"rank-math-link\">b\u00fbche de No\u00ebl<\/a>.<\/p>\n\n\n\n<p class=\"has-medium-font-size\">Le <strong>tradizioni natalizie francesi<\/strong> variano da regione a regione: in <strong>Provenza<\/strong> si servono i famosi 13 dessert, mentre in <strong>Alsazia<\/strong> i mercatini di Natale creano un\u2019atmosfera unica.<\/p>\n\n\n\n<p class=\"has-medium-font-size\">Il Natale francese \u00e8 sinonimo di famiglia, convivialit\u00e0 e <a href=\"https:\/\/www.wonderbox.fr\/restaurant-et-gastronomie\/c\/155601?utm_source=blog&amp;utm_medium=article&amp;utm_campaign=text\" target=\"_blank\" rel=\"noreferrer noopener\" class=\"rank-math-link\">buona cucina<\/a>.<\/p>\n\n\n\n<div class=\"wp-block-group has-border-color has-global-padding is-layout-constrained wp-block-group-is-layout-constrained\" style=\"border-color:#dddddd;border-width:1px;border-radius:10px;margin-top:var(--wp--preset--spacing--40);margin-bottom:var(--wp--preset--spacing--40);padding-top:var(--wp--preset--spacing--40);padding-bottom:var(--wp--preset--spacing--40)\">\n<div class=\"wp-block-query alignwide is-layout-flow wp-block-query-is-layout-flow\"><ul class=\"wp-block-post-template is-layout-flow wp-block-post-template-is-layout-flow\"><li class=\"wp-block-post post-269 box type-box status-publish format-standard has-post-thumbnail hentry category-soggiorni\">\n\n<div class=\"wp-block-columns is-layout-flex wp-container-core-columns-is-layout-f0342b05 wp-block-columns-is-layout-flex\" style=\"margin-top:0;margin-bottom:0\">\n<div class=\"wp-block-column is-layout-flow wp-block-column-is-layout-flow\" style=\"flex-basis:33.33%\"><figure class=\"wp-block-post-featured-image\"><img loading=\"lazy\" decoding=\"async\" width=\"420\" height=\"524\" src=\"https:\/\/www.wonderbox.it\/blog\/wp-content\/uploads\/sites\/11\/2025\/05\/3-giorni-in-europa.png\" class=\"attachment-post-thumbnail size-post-thumbnail wp-post-image\" alt=\"\" style=\"object-fit:cover;\" srcset=\"https:\/\/www.wonderbox.it\/blog\/wp-content\/uploads\/sites\/11\/2025\/05\/3-giorni-in-europa.png 420w, https:\/\/www.wonderbox.it\/blog\/wp-content\/uploads\/sites\/11\/2025\/05\/3-giorni-in-europa-240x300.png 240w\" sizes=\"auto, (max-width: 420px) 100vw, 420px\" \/><\/figure><\/div>\n\n\n\n<div class=\"wp-block-column is-vertically-aligned-center is-layout-flow wp-block-column-is-layout-flow\" style=\"flex-basis:66.66%\"><h2 class=\"wp-block-post-title\"><a href=\"https:\/\/www.wonderbox.it\/b\/3-giorni-in-europa\" data-productprice=\"129.90\" data-productid=\"BEEO01\" data-productbrand=\"wonderbox\" data-productname=\"3 giorni in Europa\" data-productfrom=\"https:\/\/www.wonderbox.it\/blog\/wp-json\/wp\/v2\/posts\/2259\" target=\"_self\">3 giorni in Europa<\/a><\/h2>\n\n\n<div class=\"wp-block-buttons is-content-justification-left is-layout-flex wp-container-core-buttons-is-layout-fc4fd283 wp-block-buttons-is-layout-flex\">\n<div class=\"wp-block-button is-style-fill\"><a class=\"wp-block-button__link has-base-background-color has-text-color has-background has-link-color has-border-color wp-element-button\" style=\"border-color:#ed4e84;border-width:1px;color:#ed4e84\">Scopri di pi\u00f9<\/a><\/div>\n<\/div>\n<\/div>\n<\/div>\n\n<\/li><\/ul><\/div>\n<\/div>\n\n\n\n<div class=\"wp-block-buttons is-layout-flex wp-block-buttons-is-layout-flex\">\n<div class=\"wp-block-button has-custom-width wp-block-button__width-100\"><a class=\"wp-block-button__link has-background wp-element-button\" href=\"https:\/\/www.wonderbox.it\/blog\/p\/le-migliori-citta-per-un-natale-low-cost-tra-mercatini-e-tradizioni-uniche\/\" style=\"background-color:#c52424\"><strong>Le migliori citt\u00e0 per un Natale low cost tra mercatini e tradizioni uniche<\/strong><\/a><\/div>\n<\/div>\n\n\n\n<h2 class=\"wp-block-heading\"><strong>La vigilia di Natale in Germania: mercatini e albero di Natale<\/strong><\/h2>\n\n\n\n<figure class=\"wp-block-image size-large\"><img decoding=\"async\" src=\"https:\/\/www.wonderbox.fr\/blog\/wp-content\/uploads\/sites\/4\/2024\/12\/Stollen-repas-de-noel-europe-1024x731.jpg\" alt=\"Stollen\" class=\"wp-image-38743\" \/><\/figure>\n\n\n\n<p class=\"has-medium-font-size\">In <strong>Germania<\/strong>, le <strong>tradizioni natalizie<\/strong> sono celebri in tutto il mondo, soprattutto grazie ai meravigliosi <strong>Weihnachtsmarkt<\/strong>.<\/p>\n\n\n\n<p class=\"has-medium-font-size\">Questa tradizione risale al <strong>XV secolo<\/strong> e nacque a <strong>Dresda<\/strong> nel 1434. I mercatini tedeschi offrono dolci tipici come lo <strong>Stollen<\/strong> e il profumato <strong>gl\u00fchwein<\/strong>.<\/p>\n\n\n\n<p class=\"has-medium-font-size\">L\u2019<strong>albero di Natale<\/strong> si \u00e8 diffuso proprio in Germania nel <strong>XVI secolo<\/strong>, grazie alla nobildonna <strong>Elisa di Meclemburgo-Schwerin<\/strong>.<\/p>\n\n\n\n<p class=\"has-medium-font-size\">La sera del 24 dicembre, le famiglie cenano insieme e scartano i regali, spesso dopo una passeggiata tra le luci natalizie.<\/p>\n\n\n\n<div class=\"wp-block-group has-border-color has-global-padding is-layout-constrained wp-block-group-is-layout-constrained\" style=\"border-color:#dddddd;border-width:1px;border-radius:10px;margin-top:var(--wp--preset--spacing--40);margin-bottom:var(--wp--preset--spacing--40);padding-top:var(--wp--preset--spacing--40);padding-bottom:var(--wp--preset--spacing--40)\">\n<div class=\"wp-block-query alignwide is-layout-flow wp-block-query-is-layout-flow\"><ul class=\"wp-block-post-template is-layout-flow wp-block-post-template-is-layout-flow\"><li class=\"wp-block-post post-201 box type-box status-publish format-standard has-post-thumbnail hentry category-soggiorni\">\n\n<div class=\"wp-block-columns is-layout-flex wp-container-core-columns-is-layout-f0342b05 wp-block-columns-is-layout-flex\" style=\"margin-top:0;margin-bottom:0\">\n<div class=\"wp-block-column is-layout-flow wp-block-column-is-layout-flow\" style=\"flex-basis:33.33%\"><figure class=\"wp-block-post-featured-image\"><img loading=\"lazy\" decoding=\"async\" width=\"420\" height=\"524\" src=\"https:\/\/www.wonderbox.it\/blog\/wp-content\/uploads\/sites\/11\/2025\/05\/3-giorni-da-favola-in-europa.png\" class=\"attachment-post-thumbnail size-post-thumbnail wp-post-image\" alt=\"\" style=\"object-fit:cover;\" srcset=\"https:\/\/www.wonderbox.it\/blog\/wp-content\/uploads\/sites\/11\/2025\/05\/3-giorni-da-favola-in-europa.png 420w, https:\/\/www.wonderbox.it\/blog\/wp-content\/uploads\/sites\/11\/2025\/05\/3-giorni-da-favola-in-europa-240x300.png 240w\" sizes=\"auto, (max-width: 420px) 100vw, 420px\" \/><\/figure><\/div>\n\n\n\n<div class=\"wp-block-column is-vertically-aligned-center is-layout-flow wp-block-column-is-layout-flow\" style=\"flex-basis:66.66%\"><h2 class=\"wp-block-post-title\"><a href=\"https:\/\/www.wonderbox.it\/b\/3-giorni-da-favola-in-europa\" data-productprice=\"299.90\" data-productid=\"B5GN01\" data-productbrand=\"wonderbox\" data-productname=\"3 giorni da favola in Europa\" data-productfrom=\"https:\/\/www.wonderbox.it\/blog\/wp-json\/wp\/v2\/posts\/2259\" target=\"_self\">3 giorni da favola in Europa<\/a><\/h2>\n\n\n<div class=\"wp-block-buttons is-content-justification-left is-layout-flex wp-container-core-buttons-is-layout-fc4fd283 wp-block-buttons-is-layout-flex\">\n<div class=\"wp-block-button is-style-fill\"><a class=\"wp-block-button__link has-base-background-color has-text-color has-background has-link-color has-border-color wp-element-button\" style=\"border-color:#ed4e84;border-width:1px;color:#ed4e84\">Scopri di pi\u00f9<\/a><\/div>\n<\/div>\n<\/div>\n<\/div>\n\n<\/li><\/ul><\/div>\n<\/div>\n\n\n\n<div class=\"wp-block-buttons is-layout-flex wp-block-buttons-is-layout-flex\">\n<div class=\"wp-block-button has-custom-width wp-block-button__width-100\"><a class=\"wp-block-button__link has-background wp-element-button\" href=\"https:\/\/www.wonderbox.it\/blog\/p\/scopri-il-mercato-di-natale-piu-antico-della-germania-lo-striezelmarkt-di-dresda\/\" style=\"background-color:#ca2e2e\"><strong>Scopri il mercato di Natale pi\u00f9 antico della Germania: lo Striezelmarkt di Dresda<\/strong><\/a><\/div>\n<\/div>\n\n\n\n<h2 class=\"wp-block-heading\"><strong>La vigilia di Natale in Spagna: il grande cenone e il D\u00eda de los Reyes<\/strong><\/h2>\n\n\n\n<figure class=\"wp-block-image size-large\"><img decoding=\"async\" src=\"https:\/\/www.wonderbox.fr\/blog\/wp-content\/uploads\/sites\/4\/2024\/12\/swidish-christmas-1024x731.jpg\" alt=\"Spagna Natale\" class=\"wp-image-51213\" \/><\/figure>\n\n\n\n<p class=\"has-medium-font-size\">In <strong>Spagna<\/strong>, il <strong>cenone della vigilia<\/strong> del 24 dicembre \u00e8 un momento sacro da trascorrere in famiglia.<\/p>\n\n\n\n<p class=\"has-medium-font-size\">Il <strong>men\u00f9 di Natale<\/strong> varia molto, ma spesso include <strong>frutti di mare<\/strong>, <strong>cabrito arrosto<\/strong> o <strong>lech\u00f3n<\/strong>.<\/p>\n\n\n\n<p class=\"has-medium-font-size\">La tradizione pi\u00f9 amata resta per\u00f2 il <strong>D\u00eda de los Reyes<\/strong> (6 gennaio): il vero Natale spagnolo. I bambini ricevono i regali dai <strong>Re Magi<\/strong> e le citt\u00e0 organizzano <strong>sfilate spettacolari<\/strong>.<\/p>\n\n\n\n<p class=\"has-medium-font-size\">In <strong>Catalunya<\/strong>, il simpatico <strong>Caga Ti\u00f3<\/strong> regala momenti di festa ai pi\u00f9 piccoli.<\/p>\n\n\n\n<div class=\"wp-block-group has-border-color has-global-padding is-layout-constrained wp-block-group-is-layout-constrained\" style=\"border-color:#dddddd;border-width:1px;border-radius:10px;margin-top:var(--wp--preset--spacing--40);margin-bottom:var(--wp--preset--spacing--40);padding-top:var(--wp--preset--spacing--40);padding-bottom:var(--wp--preset--spacing--40)\">\n<div class=\"wp-block-query alignwide is-layout-flow wp-block-query-is-layout-flow\"><ul class=\"wp-block-post-template is-layout-flow wp-block-post-template-is-layout-flow\"><li class=\"wp-block-post post-242 box type-box status-publish format-standard has-post-thumbnail hentry category-soggiorni\">\n\n<div class=\"wp-block-columns is-layout-flex wp-container-core-columns-is-layout-f0342b05 wp-block-columns-is-layout-flex\" style=\"margin-top:0;margin-bottom:0\">\n<div class=\"wp-block-column is-layout-flow wp-block-column-is-layout-flow\" style=\"flex-basis:33.33%\"><figure class=\"wp-block-post-featured-image\"><img loading=\"lazy\" decoding=\"async\" width=\"420\" height=\"524\" src=\"https:\/\/www.wonderbox.it\/blog\/wp-content\/uploads\/sites\/11\/2025\/05\/3-giorni-da-sogno-in-europa.png\" class=\"attachment-post-thumbnail size-post-thumbnail wp-post-image\" alt=\"\" style=\"object-fit:cover;\" srcset=\"https:\/\/www.wonderbox.it\/blog\/wp-content\/uploads\/sites\/11\/2025\/05\/3-giorni-da-sogno-in-europa.png 420w, https:\/\/www.wonderbox.it\/blog\/wp-content\/uploads\/sites\/11\/2025\/05\/3-giorni-da-sogno-in-europa-240x300.png 240w\" sizes=\"auto, (max-width: 420px) 100vw, 420px\" \/><\/figure><\/div>\n\n\n\n<div class=\"wp-block-column is-vertically-aligned-center is-layout-flow wp-block-column-is-layout-flow\" style=\"flex-basis:66.66%\"><h2 class=\"wp-block-post-title\"><a href=\"https:\/\/www.wonderbox.it\/b\/3-giorni-da-sogno-in-europa\" data-productprice=\"199.90\" data-productid=\"B4GN01\" data-productbrand=\"wonderbox\" data-productname=\"3 giorni da Sogno in Europa\" data-productfrom=\"https:\/\/www.wonderbox.it\/blog\/wp-json\/wp\/v2\/posts\/2259\" target=\"_self\">3 giorni da Sogno in Europa<\/a><\/h2>\n\n\n<div class=\"wp-block-buttons is-content-justification-left is-layout-flex wp-container-core-buttons-is-layout-fc4fd283 wp-block-buttons-is-layout-flex\">\n<div class=\"wp-block-button is-style-fill\"><a class=\"wp-block-button__link has-base-background-color has-text-color has-background has-link-color has-border-color wp-element-button\" style=\"border-color:#ed4e84;border-width:1px;color:#ed4e84\">Scopri di pi\u00f9<\/a><\/div>\n<\/div>\n<\/div>\n<\/div>\n\n<\/li><\/ul><\/div>\n<\/div>\n\n\n\n<div class=\"wp-block-buttons is-layout-flex wp-block-buttons-is-layout-flex\">\n<div class=\"wp-block-button has-custom-width wp-block-button__width-100\"><a class=\"wp-block-button__link has-background wp-element-button\" href=\"https:\/\/www.wonderbox.it\/blog\/p\/le-piu-belle-illuminazioni-di-natale-2025-da-vedere-in-europa\/\" style=\"background-color:#c41d1d\"><strong>Le pi\u00f9 belle illuminazioni di Natale 2025 da vedere in Europa<\/strong><\/a><\/div>\n<\/div>\n\n\n\n<h2 class=\"wp-block-heading\"><strong>La vigilia di Natale in Italia: fede, famiglia e la \u201cVigilia\u201d<\/strong><\/h2>\n\n\n\n<figure class=\"wp-block-image size-large\"><img decoding=\"async\" src=\"https:\/\/www.wonderbox.fr\/blog\/wp-content\/uploads\/sites\/4\/2024\/12\/Noel-2024-7-desserts-traditionnels-europeens-a-decouvrir-1024x731.jpg\" alt=\"Natale Italia\" class=\"wp-image-39358\" \/><\/figure>\n\n\n\n<p class=\"has-medium-font-size\">In <strong>Italia<\/strong>, la vigilia ha un forte carattere religioso. La <strong>Vigilia di Natale<\/strong> del <strong>24 dicembre<\/strong> prevede un <strong>cenone di magro<\/strong> a base di pesce, secondo la tradizione cattolica.<\/p>\n\n\n\n<p class=\"has-medium-font-size\">Un elemento immancabile \u00e8 il <strong>Presepe<\/strong>, nato a <strong>Napoli<\/strong> nel <strong>XVI secolo<\/strong>.<\/p>\n\n\n\n<p class=\"has-medium-font-size\">Dopo la <strong>messa di mezzanotte<\/strong>, il 25 dicembre \u00e8 consacrato alla famiglia e ai grandi pranzi festivi.<\/p>\n\n\n\n<p class=\"has-medium-font-size\">Tra i dolci pi\u00f9 amati di Natale ci sono <strong>panettone<\/strong>, <strong>pandoro<\/strong> e il <strong>tronchetto<\/strong>.<\/p>\n\n\n\n<div class=\"wp-block-group has-border-color has-global-padding is-layout-constrained wp-block-group-is-layout-constrained\" style=\"border-color:#dddddd;border-width:1px;border-radius:10px;margin-top:var(--wp--preset--spacing--40);margin-bottom:var(--wp--preset--spacing--40);padding-top:var(--wp--preset--spacing--40);padding-bottom:var(--wp--preset--spacing--40)\">\n<div class=\"wp-block-query alignwide is-layout-flow wp-block-query-is-layout-flow\"><ul class=\"wp-block-post-template is-layout-flow wp-block-post-template-is-layout-flow\"><li class=\"wp-block-post post-467 box type-box status-publish format-standard has-post-thumbnail hentry category-idee-regalo\">\n\n<div class=\"wp-block-columns is-layout-flex wp-container-core-columns-is-layout-f0342b05 wp-block-columns-is-layout-flex\" style=\"margin-top:0;margin-bottom:0\">\n<div class=\"wp-block-column is-layout-flow wp-block-column-is-layout-flow\" style=\"flex-basis:33.33%\"><figure class=\"wp-block-post-featured-image\"><img loading=\"lazy\" decoding=\"async\" width=\"420\" height=\"524\" src=\"https:\/\/www.wonderbox.it\/blog\/wp-content\/uploads\/sites\/11\/2025\/05\/carta-citta-di-parigi.png\" class=\"attachment-post-thumbnail size-post-thumbnail wp-post-image\" alt=\"\" style=\"object-fit:cover;\" srcset=\"https:\/\/www.wonderbox.it\/blog\/wp-content\/uploads\/sites\/11\/2025\/05\/carta-citta-di-parigi.png 420w, https:\/\/www.wonderbox.it\/blog\/wp-content\/uploads\/sites\/11\/2025\/05\/carta-citta-di-parigi-240x300.png 240w\" sizes=\"auto, (max-width: 420px) 100vw, 420px\" \/><\/figure><\/div>\n\n\n\n<div class=\"wp-block-column is-vertically-aligned-center is-layout-flow wp-block-column-is-layout-flow\" style=\"flex-basis:66.66%\"><h2 class=\"wp-block-post-title\"><a href=\"https:\/\/www.wonderbox.it\/b\/carta-citta-di-parigi\" data-productprice=\"100.00\" data-productid=\"BCPM01\" data-productbrand=\"ticketbox\" data-productname=\"Carta &#8211; Citt\u00e0 di Parigi\" data-productfrom=\"https:\/\/www.wonderbox.it\/blog\/wp-json\/wp\/v2\/posts\/2259\" target=\"_self\">Carta &#8211; Citt\u00e0 di Parigi<\/a><\/h2>\n\n\n<div class=\"wp-block-buttons is-content-justification-left is-layout-flex wp-container-core-buttons-is-layout-fc4fd283 wp-block-buttons-is-layout-flex\">\n<div class=\"wp-block-button is-style-fill\"><a class=\"wp-block-button__link has-base-background-color has-text-color has-background has-link-color has-border-color wp-element-button\" style=\"border-color:#ed4e84;border-width:1px;color:#ed4e84\">Scopri di pi\u00f9<\/a><\/div>\n<\/div>\n<\/div>\n<\/div>\n\n<\/li><\/ul><\/div>\n<\/div>\n\n\n\n<div class=\"wp-block-buttons is-layout-flex wp-block-buttons-is-layout-flex\">\n<div class=\"wp-block-button has-custom-width wp-block-button__width-100\"><a class=\"wp-block-button__link has-background wp-element-button\" href=\"https:\/\/www.wonderbox.it\/blog\/p\/natale-2025-7-dolci-tradizionali-europei-da-scoprire\/\" style=\"background-color:#c02828\"><strong>Natale 2025: 7 dolci tradizionali europei da scoprire<\/strong><\/a><\/div>\n<\/div>\n\n\n\n<h2 class=\"wp-block-heading\"><strong>La vigilia di Natale in Svezia: Santa Lucia e il Julbord<\/strong><\/h2>\n\n\n\n<p class=\"has-medium-font-size\">In <strong>Svezia<\/strong>, le feste iniziano ufficialmente con <strong>Santa Lucia<\/strong> il 13 dicembre, una ricorrenza luminosa e suggestiva.<\/p>\n\n\n\n<p class=\"has-medium-font-size\">La sera del 24 dicembre la tradizione vuole il <strong>Julbord<\/strong>, un ricco buffet con <strong>aringa marinata<\/strong>, <strong>polpette<\/strong>, <strong>prosciutto arrosto<\/strong> e sformati di patate.<\/p>\n\n\n\n<p class=\"has-medium-font-size\">La notte si conclude con la messa di mezzanotte e la visita del <strong>Tomte<\/strong>, il simpatico folletto del Natale svedese.<\/p>\n\n\n\n<div class=\"wp-block-group has-border-color has-global-padding is-layout-constrained wp-block-group-is-layout-constrained\" style=\"border-color:#dddddd;border-width:1px;border-radius:10px;margin-top:var(--wp--preset--spacing--40);margin-bottom:var(--wp--preset--spacing--40);padding-top:var(--wp--preset--spacing--40);padding-bottom:var(--wp--preset--spacing--40)\">\n<div class=\"wp-block-query alignwide is-layout-flow wp-block-query-is-layout-flow\"><ul class=\"wp-block-post-template is-layout-flow wp-block-post-template-is-layout-flow\"><li class=\"wp-block-post post-406 box type-box status-publish format-standard has-post-thumbnail hentry category-idee-regalo category-natale\">\n\n<div class=\"wp-block-columns is-layout-flex wp-container-core-columns-is-layout-f0342b05 wp-block-columns-is-layout-flex\" style=\"margin-top:0;margin-bottom:0\">\n<div class=\"wp-block-column is-layout-flow wp-block-column-is-layout-flow\" style=\"flex-basis:33.33%\"><figure class=\"wp-block-post-featured-image\"><img loading=\"lazy\" decoding=\"async\" width=\"420\" height=\"524\" src=\"https:\/\/www.wonderbox.it\/blog\/wp-content\/uploads\/sites\/11\/2025\/05\/buon-natale-emozione.png\" class=\"attachment-post-thumbnail size-post-thumbnail wp-post-image\" alt=\"\" style=\"object-fit:cover;\" srcset=\"https:\/\/www.wonderbox.it\/blog\/wp-content\/uploads\/sites\/11\/2025\/05\/buon-natale-emozione.png 420w, https:\/\/www.wonderbox.it\/blog\/wp-content\/uploads\/sites\/11\/2025\/05\/buon-natale-emozione-240x300.png 240w\" sizes=\"auto, (max-width: 420px) 100vw, 420px\" \/><\/figure><\/div>\n\n\n\n<div class=\"wp-block-column is-vertically-aligned-center is-layout-flow wp-block-column-is-layout-flow\" style=\"flex-basis:66.66%\"><h2 class=\"wp-block-post-title\"><a href=\"https:\/\/www.wonderbox.it\/b\/buon-natale-emozione\" data-productprice=\"24.90\" data-productid=\"BN1O01\" data-productbrand=\"wonderbox\" data-productname=\"Buon Natale Emozione\" data-productfrom=\"https:\/\/www.wonderbox.it\/blog\/wp-json\/wp\/v2\/posts\/2259\" target=\"_self\">Buon Natale Emozione<\/a><\/h2>\n\n\n<div class=\"wp-block-buttons is-content-justification-left is-layout-flex wp-container-core-buttons-is-layout-fc4fd283 wp-block-buttons-is-layout-flex\">\n<div class=\"wp-block-button is-style-fill\"><a class=\"wp-block-button__link has-base-background-color has-text-color has-background has-link-color has-border-color wp-element-button\" style=\"border-color:#ed4e84;border-width:1px;color:#ed4e84\">Scopri di pi\u00f9<\/a><\/div>\n<\/div>\n<\/div>\n<\/div>\n\n<\/li><\/ul><\/div>\n<\/div>\n\n\n\n<p class=\"has-medium-font-size\">Le <strong>tradizioni natalizie europee<\/strong> sono un mondo affascinante tutto da scoprire.<\/p>\n\n\n\n<p class=\"has-medium-font-size\">Dalla <strong>gastronomia francese<\/strong> ai <strong>mercatini tedeschi<\/strong>, dalle celebrazioni spagnole alla <strong>Vigilia italiana<\/strong>, ogni Paese offre un modo speciale di celebrare il Natale.<\/p>\n\n\n\n<p class=\"has-medium-font-size\">Nel <strong>2025<\/strong>, lasciati avvolgere dalla magia delle feste e vivi un Natale da ricordare, ovunque tu sia.<\/p>\n\n\n\n<p class=\"has-medium-font-size\">Il Natale in Europa \u00e8 un\u2019esperienza da condividere, da assaporare e da portare nel cuore.<\/p>\n","protected":false},"excerpt":{"rendered":"<p>Il Natale \u00e8 una festa universale, ma ogni Paese europeo custodisce tradizioni e usanze che rendono questa celebrazione davvero unica. Che tu voglia vivere un\u2019esperienza tradizionale o scoprire qualcosa di nuovo, i cenoni e le vigile di Natale in Europa offrono un mondo di emozioni e sorprese. Dalla Francia all\u2019Italia, passando per la Germania e [&hellip;]<\/p>\n","protected":false},"author":20,"featured_media":2260,"comment_status":"open","ping_status":"open","sticky":false,"template":"","format":"standard","meta":{"footnotes":""},"categories":[16,18],"tags":[],"class_list":["post-2259","post","type-post","status-publish","format-standard","has-post-thumbnail","hentry","category-feste","category-natale"],"acf":null,"_links":{"self":[{"href":"https:\/\/www.wonderbox.it\/blog\/wp-json\/wp\/v2\/posts\/2259","targetHints":{"allow":["GET"]}}],"collection":[{"href":"https:\/\/www.wonderbox.it\/blog\/wp-json\/wp\/v2\/posts"}],"about":[{"href":"https:\/\/www.wonderbox.it\/blog\/wp-json\/wp\/v2\/types\/post"}],"author":[{"embeddable":true,"href":"https:\/\/www.wonderbox.it\/blog\/wp-json\/wp\/v2\/users\/20"}],"replies":[{"embeddable":true,"href":"https:\/\/www.wonderbox.it\/blog\/wp-json\/wp\/v2\/comments?post=2259"}],"version-history":[{"count":3,"href":"https:\/\/www.wonderbox.it\/blog\/wp-json\/wp\/v2\/posts\/2259\/revisions"}],"predecessor-version":[{"id":2561,"href":"https:\/\/www.wonderbox.it\/blog\/wp-json\/wp\/v2\/posts\/2259\/revisions\/2561"}],"wp:featuredmedia":[{"embeddable":true,"href":"https:\/\/www.wonderbox.it\/blog\/wp-json\/wp\/v2\/media\/2260"}],"wp:attachment":[{"href":"https:\/\/www.wonderbox.it\/blog\/wp-json\/wp\/v2\/media?parent=2259"}],"wp:term":[{"taxonomy":"category","embeddable":true,"href":"https:\/\/www.wonderbox.it\/blog\/wp-json\/wp\/v2\/categories?post=2259"},{"taxonomy":"post_tag","embeddable":true,"href":"https:\/\/www.wonderbox.it\/blog\/wp-json\/wp\/v2\/tags?post=2259"}],"curies":[{"name":"wp","href":"https:\/\/api.w.org\/{rel}","templated":true}]}}